
{"id":726,"date":"2020-11-09T23:21:45","date_gmt":"2020-11-09T23:21:45","guid":{"rendered":"https:\/\/ipasrdc.org\/en-rdc-une-campagne-sur-les-medias-sociaux-permet-dinformer-les-jeunes-sur-lavortement\/"},"modified":"2024-10-26T22:52:37","modified_gmt":"2024-10-26T22:52:37","slug":"en-rdc-une-campagne-sur-les-medias-sociaux-permet-dinformer-les-jeunes-sur-lavortement","status":"publish","type":"post","link":"https:\/\/ipasrdc.org\/fr\/en-rdc-une-campagne-sur-les-medias-sociaux-permet-dinformer-les-jeunes-sur-lavortement\/","title":{"rendered":"En RDC, une campagne sur les m\u00e9dias sociaux permet d&rsquo;informer les jeunes sur l&rsquo;avortement"},"content":{"rendered":"<p>[et_pb_section fb_built=\u00a0\u00bb1&Prime; admin_label=\u00a0\u00bbsection\u00a0\u00bb _builder_version=\u00a0\u00bb4.24.3&Prime; custom_margin=\u00a0\u00bb0px||||false|false\u00a0\u00bb custom_padding=\u00a0\u00bb0px||||false|false\u00a0\u00bb global_colors_info=\u00a0\u00bb{}\u00a0\u00bb][et_pb_row admin_label=\u00a0\u00bbrang\u00e9e\u00a0\u00bb _builder_version=\u00a0\u00bb4.24.3&Prime; background_size=\u00a0\u00bbinitial\u00a0\u00bb background_position=\u00a0\u00bbtop_left\u00a0\u00bb background_repeat=\u00a0\u00bbrepeat\u00a0\u00bb width=\u00a0\u00bb100%\u00a0\u00bb global_colors_info=\u00a0\u00bb{}\u00a0\u00bb][et_pb_column type=\u00a0\u00bb4_4&Prime; _builder_version=\u00a0\u00bb4.16&Prime; custom_padding=\u00a0\u00bb|||\u00a0\u00bb global_colors_info=\u00a0\u00bb{}\u00a0\u00bb custom_padding__hover=\u00a0\u00bb|||\u00a0\u00bb][et_pb_text _builder_version=\u00a0\u00bb4.24.3&Prime; _module_preset=\u00a0\u00bbdefault\u00a0\u00bb global_colors_info=\u00a0\u00bb{}\u00a0\u00bb]<\/p>\n<p>Des organisations de jeunes de la R\u00e9publique d\u00e9mocratique du Congo (RDC) ont r\u00e9cemment men\u00e9 une campagne en ligne intitul\u00e9e \u00ab\u00a0Avortement : Parlons-en !\u00a0\u00bb, afin de promouvoir la sant\u00e9 et les droits sexuels et reproductifs pendant la pand\u00e9mie de coronavirus et au-del\u00e0.<\/p>\n<p>\u00ab\u00a0Les jeunes recherchent des informations fiables sur leur sant\u00e9 sexuelle et reproductive et ont besoin d&rsquo;acc\u00e9der \u00e0 des services pendant la campagne COVID-19\u00a0\u00bb, d\u00e9clare le Dr Jean-Claude Mulunda, repr\u00e9sentant national d&rsquo;Ipas RDC et l&rsquo;un des coordinateurs de la campagne. \u00ab\u00a0Le nombre de grossesses non d\u00e9sir\u00e9es, de violences sexuelles et de d\u00e9c\u00e8s maternels dus aux avortements clandestins augmente, tandis que l&rsquo;acc\u00e8s aux services est plus difficile. Les services de sant\u00e9 reproductive, y compris l&rsquo;avortement, doivent faire partie des soins de sant\u00e9 essentiels\u00a0\u00bb.<\/p>\n<p>Utilisant des images avec des messages \u00e9ducatifs, la campagne a \u00e9t\u00e9 men\u00e9e sur les r\u00e9seaux sociaux et a fourni des informations sur les mythes et les id\u00e9es fausses concernant la sant\u00e9 sexuelle et reproductive &#8211; en particulier l&rsquo;avortement &#8211; ainsi que sur les droits de l&rsquo;homme et le Protocole de Maputo, un trait\u00e9 international exigeant des \u00c9tats signataires tels que la RDC qu&rsquo;ils prot\u00e8gent les droits reproductifs des femmes en autorisant l&rsquo;acc\u00e8s l\u00e9gal \u00e0 l&rsquo;avortement.<\/p>\n<p>[\/et_pb_text][\/et_pb_column][\/et_pb_row][et_pb_row column_structure=\u00a0\u00bb1_2,1_2&Prime; _builder_version=\u00a0\u00bb4.24.3&Prime; _module_preset=\u00a0\u00bbdefault\u00a0\u00bb width=\u00a0\u00bb100%\u00a0\u00bb global_colors_info=\u00a0\u00bb{}\u00a0\u00bb][et_pb_column type=\u00a0\u00bb1_2&Prime; _builder_version=\u00a0\u00bb4.24.3&Prime; _module_preset=\u00a0\u00bbdefault\u00a0\u00bb global_colors_info=\u00a0\u00bb{}\u00a0\u00bb][et_pb_image src=\u00a0\u00bbhttps:\/\/ipasrdc.org\/wp-content\/uploads\/2024\/04\/COVID2.jpg\u00a0\u00bb title_text=\u00a0\u00bbCOVID2&Prime; _builder_version=\u00a0\u00bb4.24.3&Prime; _module_preset=\u00a0\u00bbdefault\u00a0\u00bb global_colors_info=\u00a0\u00bb{}\u00a0\u00bb][\/et_pb_image][\/et_pb_column][et_pb_column type=\u00a0\u00bb1_2&Prime; _builder_version=\u00a0\u00bb4.24.3&Prime; _module_preset=\u00a0\u00bbdefault\u00a0\u00bb global_colors_info=\u00a0\u00bb{}\u00a0\u00bb][et_pb_text _builder_version=\u00a0\u00bb4.24.3&Prime; _module_preset=\u00a0\u00bbdefault\u00a0\u00bb global_colors_info=\u00a0\u00bb{}\u00a0\u00bb]<\/p>\n<p><span>Des organisations de jeunes de tout le pays ont particip\u00e9 \u00e0 la campagne, qui a utilis\u00e9 des hashtags Twitter tels que #ParlonsAvortements, #StopFakeNews et #MaputoMonAffaire. Parmi les organisations qui se sont jointes \u00e0 la campagne, on peut citer  <\/span><a href=\"http:\/\/iyafp.org\/covid-19-youth-taskforce\/\" target=\"_blank\" rel=\"noopener noreferrer\" data-feathr-click-track=\"true\" data-feathr-link-aids=\"64c2f0840afb70cd2a580946\">Mouvement d&rsquo;action de la jeunesse<\/a><span>, <\/span><a href=\"https:\/\/www.girlsnotbrides.org\/members\/afia-mama\/\" target=\"_blank\" rel=\"noopener noreferrer\" data-feathr-click-track=\"true\" data-feathr-link-aids=\"64c2f0840afb70cd2a580946\">Afia Mama<\/a><span>, <\/span><a href=\"https:\/\/habarirdc.net\/\" target=\"_blank\" rel=\"noopener noreferrer\" data-feathr-click-track=\"true\" data-feathr-link-aids=\"64c2f0840afb70cd2a580946\">Habari RDC<\/a><span>et le <\/span><a href=\"https:\/\/www.thegirlgeneration.org\/organisations\/afriyan\" target=\"_blank\" rel=\"noopener noreferrer\" data-feathr-click-track=\"true\" data-feathr-link-aids=\"64c2f0840afb70cd2a580946\">R\u00e9seau africain des jeunes et des adolescents<\/a><span> (AfriYAN).<\/span><\/p>\n<p>\u00ab\u00a0L&rsquo;acc\u00e8s aux soins de sant\u00e9 est un droit et non une faveur que nous accordons aux jeunes\u00a0\u00bb, d\u00e9clare Benjamin Sabue du Mouvement d&rsquo;action pour la jeunesse. \u00ab\u00a0Les jeunes en bonne sant\u00e9 sont l&rsquo;avenir du pays.<\/p>\n<p>[\/et_pb_text][\/et_pb_column][\/et_pb_row][\/et_pb_section]<\/p>\n","protected":false},"excerpt":{"rendered":"<p>Des organisations de jeunes de la R\u00e9publique d\u00e9mocratique du Congo (RDC) ont r\u00e9cemment men\u00e9 une campagne en ligne intitul\u00e9e \u00ab\u00a0Avortement : Parlons-en !\u00a0\u00bb, afin de promouvoir la sant\u00e9 et les droits sexuels et reproductifs pendant la pand\u00e9mie de coronavirus et au-del\u00e0. \u00ab\u00a0Les jeunes recherchent des informations fiables sur leur sant\u00e9 sexuelle et reproductive et ont besoin d&rsquo;acc\u00e9der \u00e0 des services pendant la campagne COVID-19\u00a0\u00bb, d\u00e9clare le Dr Jean-Claude Mulunda, repr\u00e9sentant national d&rsquo;Ipas RDC et l&rsquo;un des coordinateurs de la campagne. \u00ab\u00a0Le nombre de grossesses non d\u00e9sir\u00e9es, de violences sexuelles et de d\u00e9c\u00e8s maternels dus aux avortements clandestins augmente, tandis que l&rsquo;acc\u00e8s aux services est plus difficile. Les services de sant\u00e9 reproductive, y compris l&rsquo;avortement, doivent faire partie des soins de sant\u00e9 essentiels\u00a0\u00bb. Utilisant des images avec des messages \u00e9ducatifs, la campagne a \u00e9t\u00e9 men\u00e9e sur les r\u00e9seaux sociaux et a fourni des informations sur les mythes et les id\u00e9es fausses concernant la sant\u00e9 sexuelle et reproductive &#8211; en particulier l&rsquo;avortement &#8211; ainsi que sur les droits de l&rsquo;homme et le Protocole de Maputo, un trait\u00e9 international exigeant des \u00c9tats signataires tels que la RDC qu&rsquo;ils prot\u00e8gent les droits reproductifs des femmes en autorisant l&rsquo;acc\u00e8s l\u00e9gal \u00e0 l&rsquo;avortement.Des organisations de jeunes [&hellip;]<\/p>\n","protected":false},"author":6,"featured_media":725,"comment_status":"closed","ping_status":"open","sticky":false,"template":"","format":"standard","meta":{"_et_pb_use_builder":"on","_et_pb_old_content":"","_et_gb_content_width":"","inline_featured_image":false,"_monsterinsights_skip_tracking":false,"_monsterinsights_sitenote_active":false,"_monsterinsights_sitenote_note":"","_monsterinsights_sitenote_category":0,"footnotes":""},"categories":[44,45],"tags":[],"work-area":[],"topic":[30],"class_list":["post-726","post","type-post","status-publish","format-standard","has-post-thumbnail","hentry","category-engagement-communautaire","category-renforcement-du-systeme-de-sante-fr","topic-youth-engagement"],"_links":{"self":[{"href":"https:\/\/ipasrdc.org\/fr\/wp-json\/wp\/v2\/posts\/726","targetHints":{"allow":["GET"]}}],"collection":[{"href":"https:\/\/ipasrdc.org\/fr\/wp-json\/wp\/v2\/posts"}],"about":[{"href":"https:\/\/ipasrdc.org\/fr\/wp-json\/wp\/v2\/types\/post"}],"author":[{"embeddable":true,"href":"https:\/\/ipasrdc.org\/fr\/wp-json\/wp\/v2\/users\/6"}],"replies":[{"embeddable":true,"href":"https:\/\/ipasrdc.org\/fr\/wp-json\/wp\/v2\/comments?post=726"}],"version-history":[{"count":0,"href":"https:\/\/ipasrdc.org\/fr\/wp-json\/wp\/v2\/posts\/726\/revisions"}],"wp:featuredmedia":[{"embeddable":true,"href":"https:\/\/ipasrdc.org\/fr\/wp-json\/wp\/v2\/media\/725"}],"wp:attachment":[{"href":"https:\/\/ipasrdc.org\/fr\/wp-json\/wp\/v2\/media?parent=726"}],"wp:term":[{"taxonomy":"category","embeddable":true,"href":"https:\/\/ipasrdc.org\/fr\/wp-json\/wp\/v2\/categories?post=726"},{"taxonomy":"post_tag","embeddable":true,"href":"https:\/\/ipasrdc.org\/fr\/wp-json\/wp\/v2\/tags?post=726"},{"taxonomy":"work-area","embeddable":true,"href":"https:\/\/ipasrdc.org\/fr\/wp-json\/wp\/v2\/work-area?post=726"},{"taxonomy":"topic","embeddable":true,"href":"https:\/\/ipasrdc.org\/fr\/wp-json\/wp\/v2\/topic?post=726"}],"curies":[{"name":"wp","href":"https:\/\/api.w.org\/{rel}","templated":true}]}}