
{"id":711,"date":"2023-03-24T23:03:45","date_gmt":"2023-03-24T23:03:45","guid":{"rendered":"https:\/\/ipasrdc.org\/?p=711"},"modified":"2024-10-26T22:52:08","modified_gmt":"2024-10-26T22:52:08","slug":"ipas-rdc-celebre-les-droits-de-la-femme-avec-lambassade-des-pays-bas","status":"publish","type":"post","link":"https:\/\/ipasrdc.org\/fr\/ipas-rdc-celebre-les-droits-de-la-femme-avec-lambassade-des-pays-bas\/","title":{"rendered":"Ipas RDC c\u00e9l\u00e8bre les droits de la femme avec l&rsquo;ambassade des Pays-Bas"},"content":{"rendered":"<p>[et_pb_section fb_built=\u00a0\u00bb1&Prime; admin_label=\u00a0\u00bbsection\u00a0\u00bb _builder_version=\u00a0\u00bb4.16&Prime; global_colors_info=\u00a0\u00bb{}\u00a0\u00bb][et_pb_row admin_label=\u00a0\u00bbrang\u00e9e\u00a0\u00bb _builder_version=\u00a0\u00bb4.24.3&Prime; background_size=\u00a0\u00bbinitial\u00a0\u00bb background_position=\u00a0\u00bbtop_left\u00a0\u00bb background_repeat=\u00a0\u00bbrepeat\u00a0\u00bb width=\u00a0\u00bb100%\u00a0\u00bb global_colors_info=\u00a0\u00bb{}\u00a0\u00bb][et_pb_column type=\u00a0\u00bb4_4&Prime; _builder_version=\u00a0\u00bb4.16&Prime; custom_padding=\u00a0\u00bb|||\u00a0\u00bb global_colors_info=\u00a0\u00bb{}\u00a0\u00bb custom_padding__hover=\u00a0\u00bb|||\u00a0\u00bb][et_pb_text _builder_version=\u00a0\u00bb4.24.3&Prime; _module_preset=\u00a0\u00bbdefault\u00a0\u00bb global_colors_info=\u00a0\u00bb{}\u00a0\u00bb]Pour marquer la cl\u00f4ture du Mois de la Femme, qui comm\u00e9more les droits des femmes, Ipas RDC a particip\u00e9 \u00e0 un \u00e9v\u00e9nement organis\u00e9 par l&rsquo;Ambassade des Pays-Bas en RDC le jeudi 23 mars dernier, l&rsquo;exposition sur &lsquo;La situation des femmes d\u00e9plac\u00e9es dans le camp de Kanyaruchinya&rsquo;. Aux c\u00f4t\u00e9s d&rsquo;\u00e9minents partenaires, notre organisation, repr\u00e9sent\u00e9e par le Dr Jean-Claude, directeur national, a pr\u00e9sent\u00e9 les r\u00e9sultats de son intervention humanitaire dans le camp de Kanyaruchinya en d\u00e9cembre 2022. [\/et_pb_text][\/et_pb_column][\/et_pb_row][et_pb_row column_structure=\u00a0\u00bb1_2,1_2&Prime; _builder_version=\u00a0\u00bb4.24.3&Prime; _module_preset=\u00a0\u00bbdefault\u00a0\u00bb width=\u00a0\u00bb100%\u00a0\u00bb global_colors_info=\u00a0\u00bb{}\u00a0\u00bb][et_pb_column type=\u00a0\u00bb1_2&Prime; _builder_version=\u00a0\u00bb4.24.3&Prime; _module_preset=\u00a0\u00bbdefault\u00a0\u00bb global_colors_info=\u00a0\u00bb{}\u00a0\u00bb][et_pb_image src=\u00a0\u00bbhttps:\/\/ipasrdc.org\/wp-content\/uploads\/2024\/04\/drc-5-scaled.jpg\u00a0\u00bb title_text=\u00a0\u00bbdrc-5&Prime; _builder_version=\u00a0\u00bb4.24.3&Prime; _module_preset=\u00a0\u00bbdefault\u00a0\u00bb global_colors_info=\u00a0\u00bb{}\u00a0\u00bb][\/et_pb_image][\/et_pb_column][et_pb_column type=\u00a0\u00bb1_2&Prime; _builder_version=\u00a0\u00bb4.24.3&Prime; _module_preset=\u00a0\u00bbdefault\u00a0\u00bb global_colors_info=\u00a0\u00bb{}\u00a0\u00bb][et_pb_image src=\u00a0\u00bbhttps:\/\/ipasrdc.org\/wp-content\/uploads\/2024\/04\/drc-2.jpg\u00a0\u00bb title_text=\u00a0\u00bbdrc-2&Prime; _builder_version=\u00a0\u00bb4.24.3&Prime; _module_preset=\u00a0\u00bbdefault\u00a0\u00bb global_colors_info=\u00a0\u00bb{}\u00a0\u00bb][\/et_pb_image][\/et_pb_column][\/et_pb_row][et_pb_row admin_label=\u00a0\u00bbrang\u00e9e\u00a0\u00bb _builder_version=\u00a0\u00bb4.24.3&Prime; background_size=\u00a0\u00bbinitial\u00a0\u00bb background_position=\u00a0\u00bbtop_left\u00a0\u00bb background_repeat=\u00a0\u00bbrepeat\u00a0\u00bb width=\u00a0\u00bb100%\u00a0\u00bb global_colors_info=\u00a0\u00bb{}\u00a0\u00bb][et_pb_column type=\u00a0\u00bb4_4&Prime; _builder_version=\u00a0\u00bb4.16&Prime; custom_padding=\u00a0\u00bb|||\u00a0\u00bb global_colors_info=\u00a0\u00bb{}\u00a0\u00bb custom_padding__hover=\u00a0\u00bb|||\u00a0\u00bb][et_pb_text _builder_version=\u00a0\u00bb4.24.3&Prime; _module_preset=\u00a0\u00bbdefault\u00a0\u00bb global_colors_info=\u00a0\u00bb{}\u00a0\u00bb]En effet, la r\u00e9gion orientale de la RDC (Nord-Kivu) reste marqu\u00e9e par des conflits extr\u00eamement violents. Des milliers de personnes ont \u00e9t\u00e9 forc\u00e9es de fuir leurs maisons pour se r\u00e9fugier dans des sites spontan\u00e9s (camps) dans les territoires de Lubero et Nyiragongo et dans d&rsquo;autres localit\u00e9s de Rutshuru. Cette instabilit\u00e9 a conduit \u00e0 un effondrement complet du syst\u00e8me de sant\u00e9 et a contribu\u00e9 \u00e0 une situation sanitaire pr\u00e9caire pour les femmes et les jeunes filles. La r\u00e9ponse humanitaire implique g\u00e9n\u00e9ralement de multiples besoins critiques, dont certains peuvent \u00eatre oubli\u00e9s, y compris la sant\u00e9 sexuelle et reproductive. [\/et_pb_text][\/et_pb_column][\/et_pb_row][et_pb_row column_structure=\u00a0\u00bb1_2,1_2&Prime; _builder_version=\u00a0\u00bb4.24.3&Prime; _module_preset=\u00a0\u00bbdefault\u00a0\u00bb width=\u00a0\u00bb100%\u00a0\u00bb global_colors_info=\u00a0\u00bb{}\u00a0\u00bb][et_pb_column type=\u00a0\u00bb1_2&Prime; _builder_version=\u00a0\u00bb4.24.3&Prime; _module_preset=\u00a0\u00bbdefault\u00a0\u00bb global_colors_info=\u00a0\u00bb{}\u00a0\u00bb][et_pb_image src=\u00a0\u00bbhttps:\/\/ipasrdc.org\/wp-content\/uploads\/2024\/04\/drc-3.jpg\u00a0\u00bb title_text=\u00a0\u00bbdrc-3&Prime; _builder_version=\u00a0\u00bb4.24.3&Prime; _module_preset=\u00a0\u00bbdefault\u00a0\u00bb global_colors_info=\u00a0\u00bb{}\u00a0\u00bb][\/et_pb_image][\/et_pb_column][et_pb_column type=\u00a0\u00bb1_2&Prime; _builder_version=\u00a0\u00bb4.24.3&Prime; _module_preset=\u00a0\u00bbdefault\u00a0\u00bb global_colors_info=\u00a0\u00bb{}\u00a0\u00bb][et_pb_image src=\u00a0\u00bbhttps:\/\/ipasrdc.org\/wp-content\/uploads\/2024\/04\/drc-1.jpg\u00a0\u00bb title_text=\u00a0\u00bbdrc-1&Prime; _builder_version=\u00a0\u00bb4.24.3&Prime; _module_preset=\u00a0\u00bbdefault\u00a0\u00bb global_colors_info=\u00a0\u00bb{}\u00a0\u00bb][\/et_pb_image][\/et_pb_column][\/et_pb_row][et_pb_row admin_label=\u00a0\u00bbrang\u00e9e\u00a0\u00bb _builder_version=\u00a0\u00bb4.24.3&Prime; background_size=\u00a0\u00bbinitial\u00a0\u00bb background_position=\u00a0\u00bbtop_left\u00a0\u00bb background_repeat=\u00a0\u00bbrepeat\u00a0\u00bb width=\u00a0\u00bb100%\u00a0\u00bb global_colors_info=\u00a0\u00bb{}\u00a0\u00bb][et_pb_column type=\u00a0\u00bb4_4&Prime; _builder_version=\u00a0\u00bb4.16&Prime; custom_padding=\u00a0\u00bb|||\u00a0\u00bb global_colors_info=\u00a0\u00bb{}\u00a0\u00bb custom_padding__hover=\u00a0\u00bb|||\u00a0\u00bb][et_pb_text _builder_version=\u00a0\u00bb4.24.3&Prime; _module_preset=\u00a0\u00bbdefault\u00a0\u00bb global_colors_info=\u00a0\u00bb{}\u00a0\u00bb]<\/p>\n<p><span data-contrast=\"auto\">C&rsquo;est pourquoi Ipas s&rsquo;est concentr\u00e9 sur les besoins en mati\u00e8re de sant\u00e9 sexuelle et reproductive pour soutenir la r\u00e9ponse humanitaire, en particulier l&rsquo;acc\u00e8s \u00e0 l&rsquo;avortement sans risque, la contraception compl\u00e8te, la gestion m\u00e9dicale de la violence li\u00e9e au sexe et le traitement des infections sexuellement transmissibles dans le camp de Kanyaruchinya. L&rsquo;exposition de l&rsquo;ambassade a \u00e9t\u00e9 l&rsquo;occasion pour Ipas RDC de montrer les r\u00e9sultats concrets de ses efforts sur le terrain.  <\/span><\/p>\n<p>[\/et_pb_text][et_pb_video src=\u00a0\u00bbhttps:\/\/youtu.be\/CWMQm6Q3dOk?si=eJ7m6LttZzWXHlcn\u00a0\u00bb _builder_version=\u00a0\u00bb4.24.3&Prime; _module_preset=\u00a0\u00bbdefault\u00a0\u00bb global_colors_info=\u00a0\u00bb{}\u00a0\u00bb][\/et_pb_video][\/et_pb_column][\/et_pb_row][\/et_pb_section]<\/p>\n","protected":false},"excerpt":{"rendered":"<p>Pour marquer la cl\u00f4ture du Mois de la Femme, qui comm\u00e9more les droits des femmes, Ipas RDC a particip\u00e9 \u00e0 un \u00e9v\u00e9nement organis\u00e9 par l&rsquo;Ambassade des Pays-Bas en RDC le jeudi 23 mars dernier, l&rsquo;exposition sur &lsquo;La situation des femmes d\u00e9plac\u00e9es dans le camp de Kanyaruchinya&rsquo;. Aux c\u00f4t\u00e9s d&rsquo;\u00e9minents partenaires, notre organisation, repr\u00e9sent\u00e9e par le Dr Jean-Claude, directeur national, a pr\u00e9sent\u00e9 les r\u00e9sultats de son intervention humanitaire dans le camp de Kanyaruchinya en d\u00e9cembre 2022. En effet, la r\u00e9gion orientale de la RDC (Nord-Kivu) reste marqu\u00e9e par des conflits extr\u00eamement violents. Des milliers de personnes ont \u00e9t\u00e9 forc\u00e9es de fuir leurs maisons pour se r\u00e9fugier dans des sites spontan\u00e9s (camps) dans les territoires de Lubero et Nyiragongo et dans d&rsquo;autres localit\u00e9s de Rutshuru. Cette instabilit\u00e9 a conduit \u00e0 un effondrement complet du syst\u00e8me de sant\u00e9 et a contribu\u00e9 \u00e0 une situation sanitaire pr\u00e9caire pour les femmes et les jeunes filles. La r\u00e9ponse humanitaire implique g\u00e9n\u00e9ralement de multiples besoins critiques, dont certains peuvent \u00eatre oubli\u00e9s, y compris la sant\u00e9 sexuelle et reproductive. C&rsquo;est pourquoi Ipas s&rsquo;est concentr\u00e9 sur les besoins en mati\u00e8re de sant\u00e9 sexuelle et reproductive pour soutenir la r\u00e9ponse humanitaire, en particulier l&rsquo;acc\u00e8s \u00e0 l&rsquo;avortement sans risque, la contraception [&hellip;]<\/p>\n","protected":false},"author":6,"featured_media":708,"comment_status":"closed","ping_status":"open","sticky":false,"template":"","format":"standard","meta":{"_et_pb_use_builder":"on","_et_pb_old_content":"","_et_gb_content_width":"","inline_featured_image":false,"_monsterinsights_skip_tracking":false,"_monsterinsights_sitenote_active":false,"_monsterinsights_sitenote_note":"","_monsterinsights_sitenote_category":0,"footnotes":""},"categories":[44],"tags":[],"work-area":[],"topic":[29],"class_list":["post-711","post","type-post","status-publish","format-standard","has-post-thumbnail","hentry","category-engagement-communautaire","topic-humanitarian-settings"],"_links":{"self":[{"href":"https:\/\/ipasrdc.org\/fr\/wp-json\/wp\/v2\/posts\/711","targetHints":{"allow":["GET"]}}],"collection":[{"href":"https:\/\/ipasrdc.org\/fr\/wp-json\/wp\/v2\/posts"}],"about":[{"href":"https:\/\/ipasrdc.org\/fr\/wp-json\/wp\/v2\/types\/post"}],"author":[{"embeddable":true,"href":"https:\/\/ipasrdc.org\/fr\/wp-json\/wp\/v2\/users\/6"}],"replies":[{"embeddable":true,"href":"https:\/\/ipasrdc.org\/fr\/wp-json\/wp\/v2\/comments?post=711"}],"version-history":[{"count":0,"href":"https:\/\/ipasrdc.org\/fr\/wp-json\/wp\/v2\/posts\/711\/revisions"}],"wp:featuredmedia":[{"embeddable":true,"href":"https:\/\/ipasrdc.org\/fr\/wp-json\/wp\/v2\/media\/708"}],"wp:attachment":[{"href":"https:\/\/ipasrdc.org\/fr\/wp-json\/wp\/v2\/media?parent=711"}],"wp:term":[{"taxonomy":"category","embeddable":true,"href":"https:\/\/ipasrdc.org\/fr\/wp-json\/wp\/v2\/categories?post=711"},{"taxonomy":"post_tag","embeddable":true,"href":"https:\/\/ipasrdc.org\/fr\/wp-json\/wp\/v2\/tags?post=711"},{"taxonomy":"work-area","embeddable":true,"href":"https:\/\/ipasrdc.org\/fr\/wp-json\/wp\/v2\/work-area?post=711"},{"taxonomy":"topic","embeddable":true,"href":"https:\/\/ipasrdc.org\/fr\/wp-json\/wp\/v2\/topic?post=711"}],"curies":[{"name":"wp","href":"https:\/\/api.w.org\/{rel}","templated":true}]}}