
{"id":1648,"date":"2026-04-21T11:08:53","date_gmt":"2026-04-21T11:08:53","guid":{"rendered":"https:\/\/ipasrdc.org\/appel-a-candidatures-comite-regional-afrique-du-projet-mareas\/"},"modified":"2026-04-22T09:22:43","modified_gmt":"2026-04-22T09:22:43","slug":"appel-a-candidatures-comite-regional-afrique-du-projet-mareas","status":"publish","type":"post","link":"https:\/\/ipasrdc.org\/fr\/appel-a-candidatures-comite-regional-afrique-du-projet-mareas\/","title":{"rendered":"Appel \u00e0 candidatures \u2013 Comit\u00e9 r\u00e9gional Afrique du projet MAREAS"},"content":{"rendered":"<p>[et_pb_section fb_built=\u00a0\u00bb1&Prime; admin_label=\u00a0\u00bbsection\u00a0\u00bb _builder_version=\u00a0\u00bb4.16&Prime; global_colors_info=\u00a0\u00bb{}\u00a0\u00bb][et_pb_row admin_label=\u00a0\u00bbrang\u00e9e\u00a0\u00bb _builder_version=\u00a0\u00bb4.24.3&Prime; background_size=\u00a0\u00bbinitial\u00a0\u00bb background_position=\u00a0\u00bbtop_left\u00a0\u00bb background_repeat=\u00a0\u00bbrepeat\u00a0\u00bb width=\u00a0\u00bb100%\u00a0\u00bb global_colors_info=\u00a0\u00bb{}\u00a0\u00bb][et_pb_column type=\u00a0\u00bb4_4&Prime; _builder_version=\u00a0\u00bb4.16&Prime; custom_padding=\u00a0\u00bb|||\u00a0\u00bb global_colors_info=\u00a0\u00bb{}\u00a0\u00bb custom_padding__hover=\u00a0\u00bb|||\u00a0\u00bb][et_pb_text _builder_version=\u00a0\u00bb4.24.3&Prime; _module_preset=\u00a0\u00bbdefault\u00a0\u00bb global_colors_info=\u00a0\u00bb{}\u00a0\u00bb]<\/p>\n<p><span data-contrast=\"auto\">Dans le cadre du projet MAREAS \u2013 Mouvements pour l\u2019autonomie reproductive, l\u2019\u00e9galit\u00e9 et la solidarit\u00e9, Ipas lance un appel \u00e0 candidatures pour le recrutement de membres du Comit\u00e9 r\u00e9gional Afrique.<\/span><span data-ccp-props=\"{\"134233117\":false,\"134233118\":false,\"201341983\":0,\"335551550\":0,\"335551620\":0,\"335559738\":210,\"335559739\":210,\"335559740\":300}\"> <\/span><\/p>\n<p><span data-contrast=\"auto\">MAREAS est un projet interr\u00e9gional de trois ans mis en \u0153uvre en Afrique (B\u00e9nin, R\u00e9publique D\u00e9mocratique du Congo, Kenya, Madagascar, S\u00e9n\u00e9gal et Ouganda) et en Am\u00e9rique latine (Argentine et Mexique). Port\u00e9 par un consortium compos\u00e9 d\u2019Ipas, Reprod\u2019Action Sant\u00e9 (RAS), CLACAI et M\u00e9decins du Monde, le projet vise \u00e0 renforcer l\u2019autonomie corporelle et les droits sexuels et reproductifs, en particulier la pr\u00e9vention des avortements \u00e0 risque, \u00e0 travers le renforcement des organisations f\u00e9ministes de la soci\u00e9t\u00e9 civile. <\/span><span data-ccp-props=\"{\"134233117\":false,\"134233118\":false,\"201341983\":0,\"335551550\":0,\"335551620\":0,\"335559738\":210,\"335559739\":210,\"335559740\":300}\"> <\/span><\/p>\n<p>Inspir\u00e9 par l\u2019esprit des mobilisations f\u00e9ministes de la marea verde (\u00ab mar\u00e9e verte \u00bb), MAREAS cherche \u00e0 renforcer les OSC f\u00e9ministes en tant qu\u2019actrices cl\u00e9s de la transformation des cadres juridiques, du discours public, des normes sociales et des syst\u00e8mes de sant\u00e9 li\u00e9s \u00e0 l\u2019autonomie reproductive.<span data-ccp-props=\"{\"134233117\":false,\"134233118\":false,\"201341983\":0,\"335551550\":0,\"335551620\":0,\"335559738\":210,\"335559739\":210,\"335559740\":300}\"> <\/span><\/p>\n<p>[\/et_pb_text][\/et_pb_column][\/et_pb_row][\/et_pb_section][et_pb_section fb_built=\u00a0\u00bb1&Prime; admin_label=\u00a0\u00bbsection\u00a0\u00bb _builder_version=\u00a0\u00bb4.27.6&Prime; background_color=\u00a0\u00bb#EDEDED\u00a0\u00bb global_colors_info=\u00a0\u00bb{}\u00a0\u00bb][et_pb_row _builder_version=\u00a0\u00bb4.24.3&Prime; _module_preset=\u00a0\u00bbdefault\u00a0\u00bb global_colors_info=\u00a0\u00bb{}\u00a0\u00bb][et_pb_column type=\u00a0\u00bb4_4&Prime; _builder_version=\u00a0\u00bb4.24.3&Prime; _module_preset=\u00a0\u00bbdefault\u00a0\u00bb global_colors_info=\u00a0\u00bb{}\u00a0\u00bb][et_pb_text _builder_version=\u00a0\u00bb4.24.3&Prime; _module_preset=\u00a0\u00bbdefault\u00a0\u00bb global_colors_info=\u00a0\u00bb{}\u00a0\u00bb]<\/p>\n<h2 aria-level=\"3\"><b><span data-contrast=\"none\">R\u00f4le du Comit\u00e9 r\u00e9gional Afrique<\/span><\/b><span data-ccp-props=\"{\"134233117\":false,\"134233118\":false,\"134245418\":true,\"134245529\":true,\"201341983\":0,\"335551550\":0,\"335551620\":0,\"335559738\":246,\"335559739\":246,\"335559740\":300}\"> <\/span><\/h2>\n<p><span data-contrast=\"auto\">Le Comit\u00e9 r\u00e9gional Afrique joue un r\u00f4le central dans la gouvernance f\u00e9ministe et participative du projet MAREAS. En collaboration avec les membres du consortium et les \u00e9quipes pays, il contribue notamment \u00e0 : <\/span><span data-ccp-props=\"{\"134233117\":false,\"134233118\":false,\"201341983\":0,\"335551550\":0,\"335551620\":0,\"335559738\":210,\"335559739\":210,\"335559740\":300}\"> <\/span><\/p>\n<ul>\n<li aria-setsize=\"-1\" data-leveltext=\"\uf0b7\" data-font=\"Symbol\" data-listid=\"4\" data-list-defn-props=\"{\"335552541\":1,\"335559683\":0,\"335559684\":-2,\"335559685\":720,\"335559991\":360,\"469769226\":\"Symbol\",\"469769242\":[8226],\"469777803\":\"left\",\"469777804\":\"\uf0b7\",\"469777815\":\"hybridMultilevel\"}\" data-aria-posinset=\"1\" data-aria-level=\"1\"><span data-contrast=\"auto\">d\u00e9finir les m\u00e9canismes et calendriers de subvention ;<\/span><span data-ccp-props=\"{\"134233117\":false,\"134233118\":false,\"201341983\":0,\"335551550\":0,\"335551620\":0,\"335559738\":0,\"335559739\":0,\"335559740\":300}\"> <\/span><\/li>\n<\/ul>\n<ul>\n<li aria-setsize=\"-1\" data-leveltext=\"\uf0b7\" data-font=\"Symbol\" data-listid=\"4\" data-list-defn-props=\"{\"335552541\":1,\"335559683\":0,\"335559684\":-2,\"335559685\":720,\"335559991\":360,\"469769226\":\"Symbol\",\"469769242\":[8226],\"469777803\":\"left\",\"469777804\":\"\uf0b7\",\"469777815\":\"hybridMultilevel\"}\" data-aria-posinset=\"2\" data-aria-level=\"1\"><span data-contrast=\"auto\">diffuser et \u00e9valuer les appels \u00e0 manifestation d\u2019int\u00e9r\u00eat ;<\/span><span data-ccp-props=\"{\"134233117\":false,\"134233118\":false,\"201341983\":0,\"335551550\":0,\"335551620\":0,\"335559738\":0,\"335559739\":0,\"335559740\":300}\"> <\/span><\/li>\n<\/ul>\n<ul>\n<li aria-setsize=\"-1\" data-leveltext=\"\uf0b7\" data-font=\"Symbol\" data-listid=\"4\" data-list-defn-props=\"{\"335552541\":1,\"335559683\":0,\"335559684\":-2,\"335559685\":720,\"335559991\":360,\"469769226\":\"Symbol\",\"469769242\":[8226],\"469777803\":\"left\",\"469777804\":\"\uf0b7\",\"469777815\":\"hybridMultilevel\"}\" data-aria-posinset=\"3\" data-aria-level=\"1\"><span data-contrast=\"auto\">s\u00e9lectionner et accompagner les organisations f\u00e9ministes b\u00e9n\u00e9ficiaires ;<\/span><span data-ccp-props=\"{\"134233117\":false,\"134233118\":false,\"201341983\":0,\"335551550\":0,\"335551620\":0,\"335559738\":0,\"335559739\":0,\"335559740\":300}\"> <\/span><\/li>\n<\/ul>\n<ul>\n<li aria-setsize=\"-1\" data-leveltext=\"\uf0b7\" data-font=\"Symbol\" data-listid=\"4\" data-list-defn-props=\"{\"335552541\":1,\"335559683\":0,\"335559684\":-2,\"335559685\":720,\"335559991\":360,\"469769226\":\"Symbol\",\"469769242\":[8226],\"469777803\":\"left\",\"469777804\":\"\uf0b7\",\"469777815\":\"hybridMultilevel\"}\" data-aria-posinset=\"4\" data-aria-level=\"1\"><span data-contrast=\"auto\">faciliter le dialogue r\u00e9gional, l\u2019apprentissage interr\u00e9gional et les communaut\u00e9s de pratique ;<\/span><span data-ccp-props=\"{\"134233117\":false,\"134233118\":false,\"201341983\":0,\"335551550\":0,\"335551620\":0,\"335559738\":0,\"335559739\":0,\"335559740\":300}\"> <\/span><\/li>\n<\/ul>\n<ul>\n<li aria-setsize=\"-1\" data-leveltext=\"\uf0b7\" data-font=\"Symbol\" data-listid=\"4\" data-list-defn-props=\"{\"335552541\":1,\"335559683\":0,\"335559684\":-2,\"335559685\":720,\"335559991\":360,\"469769226\":\"Symbol\",\"469769242\":[8226],\"469777803\":\"left\",\"469777804\":\"\uf0b7\",\"469777815\":\"hybridMultilevel\"}\" data-aria-posinset=\"5\" data-aria-level=\"1\"><span data-contrast=\"auto\">soutenir les initiatives de plaidoyer, de recherche et de capitalisation.<\/span><span data-ccp-props=\"{\"134233117\":false,\"134233118\":false,\"201341983\":0,\"335551550\":0,\"335551620\":0,\"335559738\":0,\"335559739\":0,\"335559740\":300}\"> <\/span><\/li>\n<\/ul>\n<p><span data-contrast=\"auto\">Le comit\u00e9 sera compos\u00e9 de 8 \u00e0 10 membres, incluant des repr\u00e9sentant\u00b7es du consortium et des membres recrut\u00e9\u00b7es via cet appel public, pour un mandat d\u2019un an, renouvelable.<\/span><span data-ccp-props=\"{\"134233117\":false,\"134233118\":false,\"201341983\":0,\"335551550\":0,\"335551620\":0,\"335559738\":210,\"335559739\":210,\"335559740\":300}\"> <\/span><\/p>\n<h2 aria-level=\"3\"><b><span data-contrast=\"none\">Profil recherch\u00e9<\/span><\/b><span data-ccp-props=\"{\"134233117\":false,\"134233118\":false,\"134245418\":true,\"134245529\":true,\"201341983\":0,\"335551550\":0,\"335551620\":0,\"335559738\":246,\"335559739\":246,\"335559740\":300}\"> <\/span><\/h2>\n<p><span data-contrast=\"auto\">Cet appel s\u2019adresse aux organisations et aux individus disposant notamment :<\/span><span data-ccp-props=\"{\"134233117\":false,\"134233118\":false,\"201341983\":0,\"335551550\":0,\"335551620\":0,\"335559738\":210,\"335559739\":210,\"335559740\":300}\"> <\/span><\/p>\n<ul>\n<li aria-setsize=\"-1\" data-leveltext=\"\uf0b7\" data-font=\"Symbol\" data-listid=\"5\" data-list-defn-props=\"{\"335552541\":1,\"335559683\":0,\"335559684\":-2,\"335559685\":720,\"335559991\":360,\"469769226\":\"Symbol\",\"469769242\":[8226],\"469777803\":\"left\",\"469777804\":\"\uf0b7\",\"469777815\":\"hybridMultilevel\"}\" data-aria-posinset=\"1\" data-aria-level=\"1\"><span data-contrast=\"auto\">d\u2019une exp\u00e9rience en subventionnement ou en accompagnement d\u2019organisations de la soci\u00e9t\u00e9 civile ;<\/span><span data-ccp-props=\"{\"134233117\":false,\"134233118\":false,\"201341983\":0,\"335551550\":0,\"335551620\":0,\"335559738\":0,\"335559739\":0,\"335559740\":300}\"> <\/span><\/li>\n<\/ul>\n<ul>\n<li aria-setsize=\"-1\" data-leveltext=\"\uf0b7\" data-font=\"Symbol\" data-listid=\"5\" data-list-defn-props=\"{\"335552541\":1,\"335559683\":0,\"335559684\":-2,\"335559685\":720,\"335559991\":360,\"469769226\":\"Symbol\",\"469769242\":[8226],\"469777803\":\"left\",\"469777804\":\"\uf0b7\",\"469777815\":\"hybridMultilevel\"}\" data-aria-posinset=\"2\" data-aria-level=\"1\"><span data-contrast=\"auto\">d\u2019une exp\u00e9rience av\u00e9r\u00e9e en plaidoyer ou en mise en \u0153uvre de projets li\u00e9s \u00e0 l\u2019\u00e9galit\u00e9 de genre, l\u2019\u00e9quit\u00e9 en sant\u00e9 et l\u2019autonomie corporelle ;<\/span><span data-ccp-props=\"{\"134233117\":false,\"134233118\":false,\"201341983\":0,\"335551550\":0,\"335551620\":0,\"335559738\":0,\"335559739\":0,\"335559740\":300}\"> <\/span><\/li>\n<\/ul>\n<ul>\n<li aria-setsize=\"-1\" data-leveltext=\"\uf0b7\" data-font=\"Symbol\" data-listid=\"5\" data-list-defn-props=\"{\"335552541\":1,\"335559683\":0,\"335559684\":-2,\"335559685\":720,\"335559991\":360,\"469769226\":\"Symbol\",\"469769242\":[8226],\"469777803\":\"left\",\"469777804\":\"\uf0b7\",\"469777815\":\"hybridMultilevel\"}\" data-aria-posinset=\"3\" data-aria-level=\"1\"><span data-contrast=\"auto\">d\u2019un engagement clair en faveur des principes f\u00e9ministes et des approches inclusives fond\u00e9es sur les droits humains.<\/span><span data-ccp-props=\"{\"134233117\":false,\"134233118\":false,\"201341983\":0,\"335551550\":0,\"335551620\":0,\"335559738\":0,\"335559739\":0,\"335559740\":300}\"> <\/span><\/li>\n<\/ul>\n<p><span data-contrast=\"auto\">Une attention particuli\u00e8re sera accord\u00e9e aux exp\u00e9riences de travail avec des organisations locales, communautaires et des groupes marginalis\u00e9s.<\/span><span data-ccp-props=\"{\"134233117\":false,\"134233118\":false,\"201341983\":0,\"335551550\":0,\"335551620\":0,\"335559738\":210,\"335559739\":210,\"335559740\":300}\"> <\/span><\/p>\n<h2 aria-level=\"3\"><b><span data-contrast=\"none\">Modalit\u00e9s de candidature<\/span><\/b><span data-ccp-props=\"{\"134233117\":false,\"134233118\":false,\"134245418\":true,\"134245529\":true,\"201341983\":0,\"335551550\":0,\"335551620\":0,\"335559738\":246,\"335559739\":246,\"335559740\":300}\"> <\/span><\/h2>\n<p><span data-contrast=\"auto\">Les personnes int\u00e9ress\u00e9es sont invit\u00e9es \u00e0 soumettre :<\/span><span data-ccp-props=\"{\"134233117\":false,\"134233118\":false,\"201341983\":0,\"335551550\":0,\"335551620\":0,\"335559738\":210,\"335559739\":210,\"335559740\":300}\"> <\/span><\/p>\n<ul>\n<li aria-setsize=\"-1\" data-leveltext=\"\uf0b7\" data-font=\"Symbol\" data-listid=\"6\" data-list-defn-props=\"{\"335552541\":1,\"335559683\":0,\"335559684\":-2,\"335559685\":720,\"335559991\":360,\"469769226\":\"Symbol\",\"469769242\":[8226],\"469777803\":\"left\",\"469777804\":\"\uf0b7\",\"469777815\":\"hybridMultilevel\"}\" data-aria-posinset=\"1\" data-aria-level=\"1\">un CV ;<span data-ccp-props=\"{\"134233117\":false,\"134233118\":false,\"201341983\":0,\"335551550\":0,\"335551620\":0,\"335559738\":0,\"335559739\":0,\"335559740\":300}\"> <\/span><\/li>\n<\/ul>\n<ul>\n<li aria-setsize=\"-1\" data-leveltext=\"\uf0b7\" data-font=\"Symbol\" data-listid=\"6\" data-list-defn-props=\"{\"335552541\":1,\"335559683\":0,\"335559684\":-2,\"335559685\":720,\"335559991\":360,\"469769226\":\"Symbol\",\"469769242\":[8226],\"469777803\":\"left\",\"469777804\":\"\uf0b7\",\"469777815\":\"hybridMultilevel\"}\" data-aria-posinset=\"2\" data-aria-level=\"1\">une lettre de motivation (2 pages maximum) comprenant :<span data-ccp-props=\"{\"134233117\":false,\"134233118\":false,\"201341983\":0,\"335551550\":0,\"335551620\":0,\"335559738\":0,\"335559739\":0,\"335559740\":300}\"> <\/span><em style=\"font-size: 20px;\"> <\/em><\/li>\n<\/ul>\n<p><span data-contrast=\"auto\">1) un r\u00e9sum\u00e9 de l&rsquo;exp\u00e9rience et de la compr\u00e9hension de l&rsquo;organisation ou de la personne en mati\u00e8re de collaboration avec des organisations f\u00e9ministes et sur des questions li\u00e9es \u00e0 l&rsquo;autonomie corporelle ;<\/span><span data-ccp-props=\"{\"134233117\":false,\"134233118\":false,\"201341983\":0,\"335551550\":0,\"335551620\":0,\"335559738\":0,\"335559739\":0,\"335559740\":300}\"> <\/span><\/p>\n<p><span data-contrast=\"auto\">2) Une lettre de motivation d\u00e9crivant l&rsquo;inter\u00eat et l&rsquo;engagement \u00e0 faire partie des comit\u00e9s r\u00e9gionaux de MAREAS.<\/span><span data-ccp-props=\"{\"134233117\":false,\"134233118\":false,\"201341983\":0,\"335551550\":0,\"335551620\":0,\"335559738\":0,\"335559739\":0,\"335559740\":300}\"> <\/span><\/p>\n<blockquote>\n<h4><span data-contrast=\"auto\">\ud83d\udcc5 Date de candidature<\/span><span style=\"font-family: inherit; font-weight: normal;\"><b> : 4 mai 2026<\/b> <\/span> <\/h4>\n<h4><span style=\"font-family: inherit; font-weight: normal;\">\ud83d\udce7 Les candidatures doivent \u00eatre envoy\u00e9es \u00e0 <\/span><span style=\"font-family: inherit; font-weight: normal;\">: <a href=\"mailto:atayh@ipas.org\"><b>atayh@ipas.org<\/b><\/a> et <a href=\"mailto:EckersbergerE@ipas.org\"><b>EckersbergerE@ipas.org<\/b><\/a> <\/span> <\/h4>\n<p><span data-contrast=\"auto\">Pour plus d\u2019information cliquez <\/span><strong><a href=\"https:\/\/drive.google.com\/file\/d\/1gzibBpcEsROZCP-WoG6rcYBdTzOlC4vq\/view?usp=sharing\">Ici<\/a><\/strong> <\/p>\n<p><span data-contrast=\"auto\">\u26a0\ufe0f Cette opportunit\u00e9 est <b>b\u00e9n\u00e9vole <\/b>et ne pr\u00e9voit pas de compensation financi\u00e8re.<\/span><span data-ccp-props=\"{\"134233117\":false,\"134233118\":false,\"201341983\":0,\"335551550\":0,\"335551620\":0,\"335559738\":210,\"335559739\":210,\"335559740\":300}\"> <\/span><\/p>\n<\/blockquote>\n<p><span data-ccp-props=\"{\"134233117\":false,\"134233118\":false,\"201341983\":0,\"335551550\":0,\"335551620\":0,\"335559738\":210,\"335559739\":210,\"335559740\":300}\"><\/span><\/p>\n<p><span data-ccp-props=\"{\"134233117\":false,\"134233118\":false,\"201341983\":0,\"335551550\":0,\"335551620\":0,\"335559738\":210,\"335559739\":210,\"335559740\":300}\"><\/span><\/p>\n<p>[\/et_pb_text][\/et_pb_column][\/et_pb_row][\/et_pb_section]<\/p>\n","protected":false},"excerpt":{"rendered":"<p>Dans le cadre du projet MAREAS \u2013 Mouvements pour l\u2019autonomie reproductive, l\u2019\u00e9galit\u00e9 et la solidarit\u00e9, Ipas lance un appel \u00e0 candidatures pour le recrutement de membres du Comit\u00e9 r\u00e9gional Afrique. MAREAS est un projet interr\u00e9gional de trois ans mis en \u0153uvre en Afrique (B\u00e9nin, R\u00e9publique D\u00e9mocratique du Congo, Kenya, Madagascar, S\u00e9n\u00e9gal et Ouganda) et en Am\u00e9rique latine (Argentine et Mexique). Port\u00e9 par un consortium compos\u00e9 d\u2019Ipas, Reprod\u2019Action Sant\u00e9 (RAS), CLACAI et M\u00e9decins du Monde, le projet vise \u00e0 renforcer l\u2019autonomie corporelle et les droits sexuels et reproductifs, en particulier la pr\u00e9vention des avortements \u00e0 risque, \u00e0 travers le renforcement des organisations f\u00e9ministes de la soci\u00e9t\u00e9 civile. Inspir\u00e9 par l\u2019esprit des mobilisations f\u00e9ministes de la marea verde (\u00ab mar\u00e9e verte \u00bb), MAREAS cherche \u00e0 renforcer les OSC f\u00e9ministes en tant qu\u2019actrices cl\u00e9s de la transformation des cadres juridiques, du discours public, des normes sociales et des syst\u00e8mes de sant\u00e9 li\u00e9s \u00e0 l\u2019autonomie reproductive. R\u00f4le du Comit\u00e9 r\u00e9gional Afrique Le Comit\u00e9 r\u00e9gional Afrique joue un r\u00f4le central dans la gouvernance f\u00e9ministe et participative du projet MAREAS. En collaboration avec les membres du consortium et les \u00e9quipes pays, il contribue notamment \u00e0 : d\u00e9finir les m\u00e9canismes et calendriers de subvention ; diffuser et [&hellip;]<\/p>\n","protected":false},"author":12,"featured_media":1667,"comment_status":"closed","ping_status":"closed","sticky":false,"template":"","format":"standard","meta":{"_et_pb_use_builder":"on","_et_pb_old_content":"","_et_gb_content_width":"","inline_featured_image":false,"_monsterinsights_skip_tracking":false,"_monsterinsights_sitenote_active":false,"_monsterinsights_sitenote_note":"","_monsterinsights_sitenote_category":0,"footnotes":""},"categories":[60,59],"tags":[],"work-area":[],"topic":[71,70],"class_list":["post-1648","post","type-post","status-publish","format-standard","has-post-thumbnail","hentry","category-annonces","category-opportunites","topic-annonces","topic-opportunites-et-offre-d-emploi"],"_links":{"self":[{"href":"https:\/\/ipasrdc.org\/fr\/wp-json\/wp\/v2\/posts\/1648","targetHints":{"allow":["GET"]}}],"collection":[{"href":"https:\/\/ipasrdc.org\/fr\/wp-json\/wp\/v2\/posts"}],"about":[{"href":"https:\/\/ipasrdc.org\/fr\/wp-json\/wp\/v2\/types\/post"}],"author":[{"embeddable":true,"href":"https:\/\/ipasrdc.org\/fr\/wp-json\/wp\/v2\/users\/12"}],"replies":[{"embeddable":true,"href":"https:\/\/ipasrdc.org\/fr\/wp-json\/wp\/v2\/comments?post=1648"}],"version-history":[{"count":0,"href":"https:\/\/ipasrdc.org\/fr\/wp-json\/wp\/v2\/posts\/1648\/revisions"}],"wp:featuredmedia":[{"embeddable":true,"href":"https:\/\/ipasrdc.org\/fr\/wp-json\/wp\/v2\/media\/1667"}],"wp:attachment":[{"href":"https:\/\/ipasrdc.org\/fr\/wp-json\/wp\/v2\/media?parent=1648"}],"wp:term":[{"taxonomy":"category","embeddable":true,"href":"https:\/\/ipasrdc.org\/fr\/wp-json\/wp\/v2\/categories?post=1648"},{"taxonomy":"post_tag","embeddable":true,"href":"https:\/\/ipasrdc.org\/fr\/wp-json\/wp\/v2\/tags?post=1648"},{"taxonomy":"work-area","embeddable":true,"href":"https:\/\/ipasrdc.org\/fr\/wp-json\/wp\/v2\/work-area?post=1648"},{"taxonomy":"topic","embeddable":true,"href":"https:\/\/ipasrdc.org\/fr\/wp-json\/wp\/v2\/topic?post=1648"}],"curies":[{"name":"wp","href":"https:\/\/api.w.org\/{rel}","templated":true}]}}