
{"id":1231,"date":"2026-03-06T15:26:18","date_gmt":"2026-03-06T15:26:18","guid":{"rendered":"https:\/\/ipasrdc.org\/validation-du-plan-daction-cts-interventions-integrees-et-coordonnees-pour-le-bien-etre-des-adolescentes\/"},"modified":"2026-03-09T12:11:00","modified_gmt":"2026-03-09T12:11:00","slug":"validation-du-plan-daction-cts-interventions-integrees-et-coordonnees-pour-le-bien-etre-des-adolescentes","status":"publish","type":"post","link":"https:\/\/ipasrdc.org\/fr\/validation-du-plan-daction-cts-interventions-integrees-et-coordonnees-pour-le-bien-etre-des-adolescentes\/","title":{"rendered":"Validation du plan d\u2019action CTS : Interventions int\u00e9gr\u00e9es et coordonn\u00e9es pour le bien-\u00eatre des adolescentes"},"content":{"rendered":"<p>[et_pb_section fb_built=\u00a0\u00bb1&Prime; admin_label=\u00a0\u00bbsection\u00a0\u00bb _builder_version=\u00a0\u00bb4.16&Prime; global_colors_info=\u00a0\u00bb{}\u00a0\u00bb theme_builder_area=\u00a0\u00bbpost_content\u00a0\u00bb][et_pb_row admin_label=\u00a0\u00bbrang\u00e9e\u00a0\u00bb _builder_version=\u00a0\u00bb4.24.3&Prime; background_size=\u00a0\u00bbinitial\u00a0\u00bb background_position=\u00a0\u00bbtop_left\u00a0\u00bb background_repeat=\u00a0\u00bbrepeat\u00a0\u00bb width=\u00a0\u00bb100%\u00a0\u00bb global_colors_info=\u00a0\u00bb{}\u00a0\u00bb theme_builder_area=\u00a0\u00bbpost_content\u00a0\u00bb][et_pb_column type=\u00a0\u00bb4_4&Prime; _builder_version=\u00a0\u00bb4.16&Prime; custom_padding=\u00a0\u00bb|||\u00a0\u00bb global_colors_info=\u00a0\u00bb{}\u00a0\u00bb custom_padding__hover=\u00a0\u00bb|||\u00a0\u00bb theme_builder_area=\u00a0\u00bbpost_content\u00a0\u00bb][et_pb_text _builder_version=\u00a0\u00bb4.24.3&Prime; _module_preset=\u00a0\u00bbdefault\u00a0\u00bb text_font=\u00a0\u00bb|700|||||||\u00a0\u00bb global_colors_info=\u00a0\u00bb{}\u00a0\u00bb theme_builder_area=\u00a0\u00bbpost_content\u00a0\u00bb]<\/p>\n<p>En R\u00e9publique d\u00e9mocratique du Congo, la province du Kasa\u00ef fait face \u00e0 de graves d\u00e9fis en mati\u00e8re de respect des droits des filles. Les pratiques n\u00e9fastes telles que les mariages pr\u00e9coces, les grossesses non d\u00e9sir\u00e9es et les violences bas\u00e9es sur le genre demeurent profond\u00e9ment ancr\u00e9es dans les communaut\u00e9s, avec des cons\u00e9quences s\u00e9v\u00e8res sur la vie, la sant\u00e9 et l\u2019avenir des jeunes filles. <\/p>\n<p>[\/et_pb_text][et_pb_text _builder_version=\u00a0\u00bb4.24.3&Prime; _module_preset=\u00a0\u00bbdefault\u00a0\u00bb global_colors_info=\u00a0\u00bb{}\u00a0\u00bb theme_builder_area=\u00a0\u00bbpost_content\u00a0\u00bb]<\/p>\n<p>Le manque d\u2019acc\u00e8s \u00e0 une information fiable sur la sant\u00e9 sexuelle et reproductive, ainsi qu\u2019\u00e0 des m\u00e9thodes contraceptives adapt\u00e9es, favorise la survenue de grossesses pr\u00e9coces. Celles-ci perturbent leur parcours \u00e9ducatif, augmentent les risques de complications physiques et psychologiques et r\u00e9duisent leur autonomie dans la prise de d\u00e9cision. <\/p>\n<p>Selon l\u2019enqu\u00eate MICS 2017\u20112018, pr\u00e8s de 54 % des femmes de 20 \u00e0 24 ans dans la province du Kasa\u00ef ont \u00e9t\u00e9 mari\u00e9es avant l\u2019\u00e2ge de 18 ans, contre 29 % au niveau national. Entre 2021 et 2024, la province a enregistr\u00e9 425 cas de mariages pr\u00e9coces, touchant principalement des adolescentes \u00e2g\u00e9es de 15 \u00e0 17 ans. Ces statistiques t\u00e9moignent d\u2019une situation alarmante, caract\u00e9ris\u00e9e par la persistance des mariages d\u2019enfants, la hausse des grossesses adolescentes et un taux \u00e9lev\u00e9 d\u2019abandon scolaire, compromettant s\u00e9rieusement les perspectives d\u2019avenir des jeunes filles du Kasa\u00ef.  <\/p>\n<p>Face \u00e0 cette situation, les autorit\u00e9s provinciales du Kasa\u00ef ont mis en place le Plan d\u2019action CTS (Child Marriage, Teen Pregnancy, School Dropout), en collaboration avec Ipas RDC, avec l&rsquo;appui financier de l\u2019agence norv\u00e9gienne de coop\u00e9ration et de d\u00e9veloppement (NORAD). Ce plan d\u2019action constitue un outil strat\u00e9gique et op\u00e9rationnel, destin\u00e9 \u00e0 coordonner les interventions multisectorielles et \u00e0 offrir une r\u00e9ponse durable aux d\u00e9fis rencontr\u00e9s par les adolescentes. <\/p>\n<p>[\/et_pb_text][\/et_pb_column][\/et_pb_row][et_pb_row _builder_version=\u00a0\u00bb4.27.5&Prime; _module_preset=\u00a0\u00bbdefault\u00a0\u00bb background_color=\u00a0\u00bbRGBA(255,255,255,0)\u00a0\u00bb custom_padding=\u00a0\u00bb20px|20px|20px|20px|false|false\u00a0\u00bb global_colors_info=\u00a0\u00bb{}\u00a0\u00bb theme_builder_area=\u00a0\u00bbpost_content\u00a0\u00bb][et_pb_column type=\u00a0\u00bb4_4&Prime; _builder_version=\u00a0\u00bb4.24.3&Prime; _module_preset=\u00a0\u00bbdefault\u00a0\u00bb global_colors_info=\u00a0\u00bb{}\u00a0\u00bb theme_builder_area=\u00a0\u00bbpost_content\u00a0\u00bb][et_pb_image src=\u00a0\u00bbhttps:\/\/ipasrdc.org\/wp-content\/uploads\/2026\/03\/IMG_2848-0-scaled.jpg\u00a0\u00bb alt=\u00a0\u00bbFemme portant des boissons sur sa t\u00eate.\u00a0\u00bb title_text=\u00a0\u00bbIMG_2848 0&Prime; _builder_version=\u00a0\u00bb4.27.6&Prime; _module_preset=\u00a0\u00bbdefault\u00a0\u00bb global_colors_info=\u00a0\u00bb{}\u00a0\u00bb theme_builder_area=\u00a0\u00bbpost_content\u00a0\u00bb][\/et_pb_image][et_pb_text _builder_version=\u00a0\u00bb4.27.5&Prime; _module_preset=\u00a0\u00bbdefault\u00a0\u00bb text_font_size=\u00a0\u00bb16px\u00a0\u00bb global_colors_info=\u00a0\u00bb{}\u00a0\u00bb theme_builder_area=\u00a0\u00bbpost_content\u00a0\u00bb][\/et_pb_text][\/et_pb_column][\/et_pb_row][et_pb_row _builder_version=\u00a0\u00bb4.24.3&Prime; _module_preset=\u00a0\u00bbdefault\u00a0\u00bb global_colors_info=\u00a0\u00bb{}\u00a0\u00bb theme_builder_area=\u00a0\u00bbpost_content\u00a0\u00bb][et_pb_column type=\u00a0\u00bb4_4&Prime; _builder_version=\u00a0\u00bb4.24.3&Prime; _module_preset=\u00a0\u00bbdefault\u00a0\u00bb global_colors_info=\u00a0\u00bb{}\u00a0\u00bb theme_builder_area=\u00a0\u00bbpost_content\u00a0\u00bb][et_pb_text _builder_version=\u00a0\u00bb4.24.3&Prime; _module_preset=\u00a0\u00bbdefault\u00a0\u00bb global_colors_info=\u00a0\u00bb{}\u00a0\u00bb theme_builder_area=\u00a0\u00bbpost_content\u00a0\u00bb]<\/p>\n<p><strong>Un processus participatif et inclusif<\/strong><\/p>\n<p>Le processus a d\u00e9but\u00e9 par un atelier technique restreint, r\u00e9unissant des experts des secteurs de la sant\u00e9, de l\u2019\u00e9ducation et du minist\u00e8re provincial du Genre. Les participants ont ensuite \u00e9t\u00e9 r\u00e9partis en six groupes correspondant aux axes strat\u00e9giques du plan, afin d\u2019enrichir l\u2019\u00e9bauche initiale. Les recommandations ont \u00e9t\u00e9 discut\u00e9es en pl\u00e9ni\u00e8re et int\u00e9gr\u00e9es dans la version finale. <\/p>\n<p>Un atelier \u00e9largi de validation a ensuite rassembl\u00e9 une diversit\u00e9 d\u2019acteurs : soci\u00e9t\u00e9 civile, autorit\u00e9s locales, forces de s\u00e9curit\u00e9, \u00e9l\u00e8ves et autorit\u00e9s scolaires. Cette \u00e9tape a permis de garantir une appropriation locale et de renforcer l\u2019engagement collectif autour de la lutte contre les mariages pr\u00e9coces, les grossesses adolescentes et l\u2019abandon scolaire. <\/p>\n<p>[\/et_pb_text][\/et_pb_column][\/et_pb_row][et_pb_row _builder_version=\u00a0\u00bb4.27.5&Prime; _module_preset=\u00a0\u00bbdefault\u00a0\u00bb background_color=\u00a0\u00bbRGBA(255,255,255,0)\u00a0\u00bb custom_padding=\u00a0\u00bb20px|20px|20px|20px|false|false\u00a0\u00bb global_colors_info=\u00a0\u00bb{}\u00a0\u00bb theme_builder_area=\u00a0\u00bbpost_content\u00a0\u00bb][et_pb_column type=\u00a0\u00bb4_4&Prime; _builder_version=\u00a0\u00bb4.24.3&Prime; _module_preset=\u00a0\u00bbdefault\u00a0\u00bb global_colors_info=\u00a0\u00bb{}\u00a0\u00bb theme_builder_area=\u00a0\u00bbpost_content\u00a0\u00bb][et_pb_image src=\u00a0\u00bbhttps:\/\/ipasrdc.org\/wp-content\/uploads\/2026\/03\/IMG_2719-0-scaled.jpg\u00a0\u00bb alt=\u00a0\u00bbFemme portant des boissons sur sa t\u00eate.\u00a0\u00bb title_text=\u00a0\u00bbIMG_2719 0&Prime; _builder_version=\u00a0\u00bb4.27.6&Prime; _module_preset=\u00a0\u00bbdefault\u00a0\u00bb global_colors_info=\u00a0\u00bb{}\u00a0\u00bb theme_builder_area=\u00a0\u00bbpost_content\u00a0\u00bb][\/et_pb_image][\/et_pb_column][\/et_pb_row][et_pb_row _builder_version=\u00a0\u00bb4.24.3&Prime; _module_preset=\u00a0\u00bbdefault\u00a0\u00bb global_colors_info=\u00a0\u00bb{}\u00a0\u00bb theme_builder_area=\u00a0\u00bbpost_content\u00a0\u00bb][et_pb_column type=\u00a0\u00bb4_4&Prime; _builder_version=\u00a0\u00bb4.24.3&Prime; _module_preset=\u00a0\u00bbdefault\u00a0\u00bb global_colors_info=\u00a0\u00bb{}\u00a0\u00bb theme_builder_area=\u00a0\u00bbpost_content\u00a0\u00bb][et_pb_text _builder_version=\u00a0\u00bb4.24.3&Prime; _module_preset=\u00a0\u00bbdefault\u00a0\u00bb global_colors_info=\u00a0\u00bb{}\u00a0\u00bb theme_builder_area=\u00a0\u00bbpost_content\u00a0\u00bb]<\/p>\n<p><strong>La validation officielle<\/strong><\/p>\n<p>L\u2019aboutissement de ce processus a \u00e9t\u00e9 marqu\u00e9 par la validation officielle du Plan d\u2019action CTS par Son Excellence Madame Alphonsine BUNDU LUZANGA, Ministre provinciale du Genre, Famille et Enfant. Dans son allocution, elle a insist\u00e9 sur l\u2019urgence d\u2019une action concert\u00e9e : <\/p>\n<p><strong><em>\u00ab Chaque jour d\u2019inaction condamne inexorablement des centaines de jeunes filles \u00e0 un avenir compromis par les mariages pr\u00e9coces, les grossesses non d\u00e9sir\u00e9es et l\u2019abandon scolaire. \u00bb<\/em><\/strong><\/p>\n<p>Son leadership envoie un signal fort de la volont\u00e9 politique de faire progresser l&rsquo;\u00e9galit\u00e9 des sexes et de d\u00e9fendre les droits des filles dans toute la province.<\/p>\n<p>[\/et_pb_text][\/et_pb_column][\/et_pb_row][et_pb_row column_structure=\u00a0\u00bb2_5,3_5&Prime; _builder_version=\u00a0\u00bb4.27.6&Prime; _module_preset=\u00a0\u00bbdefault\u00a0\u00bb global_colors_info=\u00a0\u00bb{}\u00a0\u00bb theme_builder_area=\u00a0\u00bbpost_content\u00a0\u00bb][et_pb_column type=\u00a0\u00bb2_5&Prime; _builder_version=\u00a0\u00bb4.27.6&Prime; _module_preset=\u00a0\u00bbdefault\u00a0\u00bb global_colors_info=\u00a0\u00bb{}\u00a0\u00bb theme_builder_area=\u00a0\u00bbpost_content\u00a0\u00bb][et_pb_text _builder_version=\u00a0\u00bb4.24.3&Prime; _module_preset=\u00a0\u00bbdefault\u00a0\u00bb global_colors_info=\u00a0\u00bb{}\u00a0\u00bb theme_builder_area=\u00a0\u00bbpost_content\u00a0\u00bb]<\/p>\n<p><strong>Six axes pour transformer la vie des adolescentes<\/strong><\/p>\n<p>Le Plan d\u2019action CTS s\u2019articule autour de six axes strat\u00e9giques qui s&rsquo;attaquent collectivement aux causes profondes et aux cons\u00e9quences du mariage des enfants et de la grossesse des adolescentes :<\/p>\n<p>[\/et_pb_text][et_pb_text _builder_version=\u00a0\u00bb4.24.3&Prime; _module_preset=\u00a0\u00bbdefault\u00a0\u00bb global_colors_info=\u00a0\u00bb{}\u00a0\u00bb theme_builder_area=\u00a0\u00bbpost_content\u00a0\u00bb]<\/p>\n<ul>\n<li>Transformation des normes sociales n\u00e9fastes : campagnes de sensibilisation et promotion de mod\u00e8les positifs.<\/li>\n<li>Maintien et retour des filles \u00e0 l\u2019\u00e9cole : pr\u00e9vention du d\u00e9crochage et r\u00e9insertion des filles d\u00e9scolaris\u00e9es.<\/li>\n<li>Acc\u00e8s aux services DSSR : am\u00e9lioration de l\u2019acc\u00e8s \u00e0 des services adapt\u00e9s, confidentiels et de qualit\u00e9.<\/li>\n<li>Engagement des parents et leaders communautaires : implication des familles et leaders dans la pr\u00e9vention.<\/li>\n<li>Autonomisation des adolescentes : renforcement des capacit\u00e9s, leadership et comp\u00e9tences \u00e9conomiques.<\/li>\n<li>Renforcement des m\u00e9canismes de protection : syst\u00e8mes de signalement et application des lois de protection.<\/li>\n<\/ul>\n<p>[\/et_pb_text][\/et_pb_column][et_pb_column type=\u00a0\u00bb3_5&Prime; _builder_version=\u00a0\u00bb4.27.6&Prime; _module_preset=\u00a0\u00bbdefault\u00a0\u00bb global_colors_info=\u00a0\u00bb{}\u00a0\u00bb theme_builder_area=\u00a0\u00bbpost_content\u00a0\u00bb][et_pb_image src=\u00a0\u00bbhttps:\/\/ipasrdc.org\/wp-content\/uploads\/2026\/03\/CTS-6-axes-strategiques-scaled.jpg\u00a0\u00bb alt=\u00a0\u00bbFemme portant des boissons sur sa t\u00eate.\u00a0\u00bb title_text=\u00a0\u00bbCTS &#8211; 6 axes strat\u00e9giques\u00a0\u00bb _builder_version=\u00a0\u00bb4.27.6&Prime; _module_preset=\u00a0\u00bbdefault\u00a0\u00bb hover_enabled=\u00a0\u00bb0&Prime; global_colors_info=\u00a0\u00bb{}\u00a0\u00bb theme_builder_area=\u00a0\u00bbpost_content\u00a0\u00bb sticky_enabled=\u00a0\u00bb0&Prime;][\/et_pb_image][et_pb_text _builder_version=\u00a0\u00bb4.24.3&Prime; _module_preset=\u00a0\u00bbdefault\u00a0\u00bb global_colors_info=\u00a0\u00bb{}\u00a0\u00bb theme_builder_area=\u00a0\u00bbpost_content\u00a0\u00bb]<\/p>\n<p>Ces axes refl\u00e8tent une approche holistique qui met l&rsquo;accent sur la voix des filles, le soutien de la communaut\u00e9 et le renforcement des syst\u00e8mes provinciaux.<\/p>\n<p>[\/et_pb_text][\/et_pb_column][\/et_pb_row][et_pb_row column_structure=\u00a0\u00bb1_2,1_2&Prime; _builder_version=\u00a0\u00bb4.27.6&Prime; _module_preset=\u00a0\u00bbdefault\u00a0\u00bb global_colors_info=\u00a0\u00bb{}\u00a0\u00bb theme_builder_area=\u00a0\u00bbpost_content\u00a0\u00bb][et_pb_column type=\u00a0\u00bb1_2&Prime; _builder_version=\u00a0\u00bb4.27.6&Prime; _module_preset=\u00a0\u00bbdefault\u00a0\u00bb global_colors_info=\u00a0\u00bb{}\u00a0\u00bb theme_builder_area=\u00a0\u00bbpost_content\u00a0\u00bb][et_pb_image src=\u00a0\u00bbhttps:\/\/ipasrdc.org\/wp-content\/uploads\/2026\/03\/IMG_2788-0-scaled.jpg\u00a0\u00bb alt=\u00a0\u00bbFemme portant des boissons sur sa t\u00eate.\u00a0\u00bb title_text=\u00a0\u00bbIMG_2788 0&Prime; _builder_version=\u00a0\u00bb4.27.6&Prime; _module_preset=\u00a0\u00bbdefault\u00a0\u00bb global_colors_info=\u00a0\u00bb{}\u00a0\u00bb theme_builder_area=\u00a0\u00bbpost_content\u00a0\u00bb][\/et_pb_image][\/et_pb_column][et_pb_column type=\u00a0\u00bb1_2&Prime; _builder_version=\u00a0\u00bb4.27.6&Prime; _module_preset=\u00a0\u00bbdefault\u00a0\u00bb global_colors_info=\u00a0\u00bb{}\u00a0\u00bb theme_builder_area=\u00a0\u00bbpost_content\u00a0\u00bb][et_pb_image src=\u00a0\u00bbhttps:\/\/ipasrdc.org\/wp-content\/uploads\/2026\/03\/IMG_2792-0-scaled.jpg\u00a0\u00bb alt=\u00a0\u00bbFemme portant des boissons sur sa t\u00eate.\u00a0\u00bb title_text=\u00a0\u00bbIMG_2792 0&Prime; _builder_version=\u00a0\u00bb4.27.6&Prime; _module_preset=\u00a0\u00bbdefault\u00a0\u00bb global_colors_info=\u00a0\u00bb{}\u00a0\u00bb theme_builder_area=\u00a0\u00bbpost_content\u00a0\u00bb][\/et_pb_image][\/et_pb_column][\/et_pb_row][et_pb_row _builder_version=\u00a0\u00bb4.27.6&Prime; _module_preset=\u00a0\u00bbdefault\u00a0\u00bb global_colors_info=\u00a0\u00bb{}\u00a0\u00bb theme_builder_area=\u00a0\u00bbpost_content\u00a0\u00bb][et_pb_column type=\u00a0\u00bb4_4&Prime; _builder_version=\u00a0\u00bb4.27.6&Prime; _module_preset=\u00a0\u00bbdefault\u00a0\u00bb global_colors_info=\u00a0\u00bb{}\u00a0\u00bb theme_builder_area=\u00a0\u00bbpost_content\u00a0\u00bb][et_pb_text _builder_version=\u00a0\u00bb4.24.3&Prime; _module_preset=\u00a0\u00bbdefault\u00a0\u00bb global_colors_info=\u00a0\u00bb{}\u00a0\u00bb theme_builder_area=\u00a0\u00bbpost_content\u00a0\u00bb]<\/p>\n<p><span data-olk-copy-source=\"MessageBody\">Dans le cadre de la mise en \u0153uvre du plan,<b> les minist\u00e8res provinciaux du Genre, Famille &amp; Enfant et de l\u2019Education avec l\u2019appui technique et financier de Ipas organiseront diverses activit\u00e9s visant \u00e0 favoriser le maintien des \u00e9l\u00e8ves \u00e0 l\u2019\u00e9cole<\/b>. Le plan d\u2019action pr\u00e9voit notamment des campagnes de sensibilisation dans les \u00e9tablissements scolaires, ainsi que la cr\u00e9ation et la redynamisation des clubs scolaires d\u00e9di\u00e9s \u00e0 la <b>sant\u00e9 sexuelle et reproductive<\/b> (DSSR). <\/span><\/p>\n<p><span>Ces espaces offriront aux jeunes l\u2019opportunit\u00e9 de <b>s\u2019exprimer librement<\/b>, de renforcer leurs connaissances en mati\u00e8re de sant\u00e9 sexuelle et reproductive, et de <b>d\u00e9velopper des comp\u00e9tences en leadership<\/b>. L\u2019objectif est de les pr\u00e9parer \u00e0 devenir des<b> acteurs de changement<\/b>, capables d\u2019influencer positivement leurs communaut\u00e9s et de promouvoir <b>un environnement scolaire inclusif et protecteur<\/b>. <\/span><\/p>\n<p>[\/et_pb_text][\/et_pb_column][\/et_pb_row][\/et_pb_section]<\/p>\n","protected":false},"excerpt":{"rendered":"<p>En R\u00e9publique d\u00e9mocratique du Congo, la province du Kasa\u00ef fait face \u00e0 de graves d\u00e9fis en mati\u00e8re de respect des droits des filles. Les pratiques n\u00e9fastes telles que les mariages pr\u00e9coces, les grossesses non d\u00e9sir\u00e9es et les violences bas\u00e9es sur le genre demeurent profond\u00e9ment ancr\u00e9es dans les communaut\u00e9s, avec des cons\u00e9quences s\u00e9v\u00e8res sur la vie, la sant\u00e9 et l\u2019avenir des jeunes filles. Le manque d\u2019acc\u00e8s \u00e0 une information fiable sur la sant\u00e9 sexuelle et reproductive, ainsi qu\u2019\u00e0 des m\u00e9thodes contraceptives adapt\u00e9es, favorise la survenue de grossesses pr\u00e9coces. Celles-ci perturbent leur parcours \u00e9ducatif, augmentent les risques de complications physiques et psychologiques et r\u00e9duisent leur autonomie dans la prise de d\u00e9cision. Selon l\u2019enqu\u00eate MICS 2017\u20112018, pr\u00e8s de 54 % des femmes de 20 \u00e0 24 ans dans la province du Kasa\u00ef ont \u00e9t\u00e9 mari\u00e9es avant l\u2019\u00e2ge de 18 ans, contre 29 % au niveau national. Entre 2021 et 2024, la province a enregistr\u00e9 425 cas de mariages pr\u00e9coces, touchant principalement des adolescentes \u00e2g\u00e9es de 15 \u00e0 17 ans. Ces statistiques t\u00e9moignent d\u2019une situation alarmante, caract\u00e9ris\u00e9e par la persistance des mariages d\u2019enfants, la hausse des grossesses adolescentes et un taux \u00e9lev\u00e9 d\u2019abandon scolaire, compromettant s\u00e9rieusement les perspectives d\u2019avenir des jeunes filles du Kasa\u00ef. [&hellip;]<\/p>\n","protected":false},"author":12,"featured_media":1227,"comment_status":"closed","ping_status":"closed","sticky":false,"template":"","format":"standard","meta":{"_et_pb_use_builder":"on","_et_pb_old_content":"","_et_gb_content_width":"","inline_featured_image":false,"_monsterinsights_skip_tracking":false,"_monsterinsights_sitenote_active":false,"_monsterinsights_sitenote_note":"","_monsterinsights_sitenote_category":0,"footnotes":""},"categories":[38,1],"tags":[],"work-area":[24],"topic":[28],"class_list":["post-1231","post","type-post","status-publish","format-standard","has-post-thumbnail","hentry","category-community-engagement","category-opportunites","work-area-community-engagement","topic-cts-nexus"],"_links":{"self":[{"href":"https:\/\/ipasrdc.org\/fr\/wp-json\/wp\/v2\/posts\/1231","targetHints":{"allow":["GET"]}}],"collection":[{"href":"https:\/\/ipasrdc.org\/fr\/wp-json\/wp\/v2\/posts"}],"about":[{"href":"https:\/\/ipasrdc.org\/fr\/wp-json\/wp\/v2\/types\/post"}],"author":[{"embeddable":true,"href":"https:\/\/ipasrdc.org\/fr\/wp-json\/wp\/v2\/users\/12"}],"replies":[{"embeddable":true,"href":"https:\/\/ipasrdc.org\/fr\/wp-json\/wp\/v2\/comments?post=1231"}],"version-history":[{"count":0,"href":"https:\/\/ipasrdc.org\/fr\/wp-json\/wp\/v2\/posts\/1231\/revisions"}],"wp:featuredmedia":[{"embeddable":true,"href":"https:\/\/ipasrdc.org\/fr\/wp-json\/wp\/v2\/media\/1227"}],"wp:attachment":[{"href":"https:\/\/ipasrdc.org\/fr\/wp-json\/wp\/v2\/media?parent=1231"}],"wp:term":[{"taxonomy":"category","embeddable":true,"href":"https:\/\/ipasrdc.org\/fr\/wp-json\/wp\/v2\/categories?post=1231"},{"taxonomy":"post_tag","embeddable":true,"href":"https:\/\/ipasrdc.org\/fr\/wp-json\/wp\/v2\/tags?post=1231"},{"taxonomy":"work-area","embeddable":true,"href":"https:\/\/ipasrdc.org\/fr\/wp-json\/wp\/v2\/work-area?post=1231"},{"taxonomy":"topic","embeddable":true,"href":"https:\/\/ipasrdc.org\/fr\/wp-json\/wp\/v2\/topic?post=1231"}],"curies":[{"name":"wp","href":"https:\/\/api.w.org\/{rel}","templated":true}]}}